{"id":107,"count":3,"description":"","link":"https:\/\/www.sulike-studio.com\/?tag=tag-os-vuk-karadzic","name":"O\u0160 Vuk Karad\u017ei\u0107","slug":"tag-os-vuk-karadzic","taxonomy":"post_tag","meta":[],"_links":{"self":[{"href":"https:\/\/www.sulike-studio.com\/index.php?rest_route=\/wp\/v2\/tags\/107","targetHints":{"allow":["GET"]}}],"collection":[{"href":"https:\/\/www.sulike-studio.com\/index.php?rest_route=\/wp\/v2\/tags"}],"about":[{"href":"https:\/\/www.sulike-studio.com\/index.php?rest_route=\/wp\/v2\/taxonomies\/post_tag"}],"wp:post_type":[{"href":"https:\/\/www.sulike-studio.com\/index.php?rest_route=%2Fwp%2Fv2%2Fposts&tags=107"}],"curies":[{"name":"wp","href":"https:\/\/api.w.org\/{rel}","templated":true}]}}